{"id":1055,"date":"2022-05-16T17:56:00","date_gmt":"2022-05-16T15:56:00","guid":{"rendered":"https:\/\/basor.com\/blog\/?p=1055"},"modified":"2022-06-15T17:59:42","modified_gmt":"2022-06-15T15:59:42","slug":"basor-electric-x-inditex-2","status":"publish","type":"post","link":"https:\/\/www.basor.com\/blog\/fr\/basor-electric-x-inditex-2\/","title":{"rendered":"Basor Electric x Inditex"},"content":{"rendered":"\n<p>\ud83d\udce3 Le 8 avril dernier le groupe&nbsp;<a href=\"https:\/\/www.linkedin.com\/company\/inditex\/\">Inditex<\/a>&nbsp;a inaugur\u00e9 au sein de l\u2019immeuble \u00ab&nbsp;Edificio Espa\u00f1a&nbsp;\u00bb situ\u00e9 sur la fameuse Place d\u2019Espagne \u00e0 Madrid, le plus grand&nbsp;<a href=\"https:\/\/www.linkedin.com\/company\/zara-sa\/\">ZARA SA<\/a>&nbsp;du monde. Un \u00ab&nbsp;m\u00e9ga-magasin&nbsp;\u00bb de \ud835\udff5.\ud835\udfec\ud835\udfec\ud835\udfec m2 d\u00e9di\u00e9 \u00e0 la mode, aux accessoires et \u00e0 la d\u00e9co d\u2019int\u00e9rieur o\u00f9 la marque phare d\u2019Amancio Ortega partage les lieux avec deux autres signatures embl\u00e9matiques que sont&nbsp;<a href=\"https:\/\/www.linkedin.com\/company\/zara-home\/\">ZARA HOME<\/a>&nbsp;et&nbsp;<a href=\"https:\/\/www.linkedin.com\/company\/stradivarius\/\">Stradivarius<\/a>.<\/p>\n\n\n\n<p>\ud83d\udc49 Ces nouvelles installations du groupe s\u2019\u00e9talent sur quatre \u00e9tages et\u00a0<a href=\"https:\/\/www.linkedin.com\/company\/basor-electric-sa\/\">Basor Electric SA<\/a>\u00a0a \u00e9t\u00e9 charg\u00e9e de l\u2019ensemble du Cable Management du projet en fournissant plus de \ud835\udfef km de chemin de c\u00e2ble de sa gamme Basor Tray.<\/p>\n\n\n\n<figure class=\"wp-block-image size-full\"><img loading=\"lazy\" width=\"800\" height=\"1000\" src=\"https:\/\/basor.com\/blog\/wp-content\/uploads\/2022\/06\/1652697599240.jpg\" alt=\"\" class=\"wp-image-1056\" srcset=\"https:\/\/www.basor.com\/blog\/wp-content\/uploads\/2022\/06\/1652697599240.jpg 800w, https:\/\/www.basor.com\/blog\/wp-content\/uploads\/2022\/06\/1652697599240-240x300.jpg 240w, https:\/\/www.basor.com\/blog\/wp-content\/uploads\/2022\/06\/1652697599240-768x960.jpg 768w\" sizes=\"(max-width: 800px) 100vw, 800px\" \/><\/figure>\n\n\n\n<p><br><br><br><a href=\"https:\/\/www.linkedin.com\/feed\/hashtag\/?keywords=basor&amp;highlightedUpdateUrns=urn%3Ali%3Aactivity%3A6931917306667151360\">#Basor<\/a><a href=\"https:\/\/www.linkedin.com\/feed\/hashtag\/?keywords=tertiaire&amp;highlightedUpdateUrns=urn%3Ali%3Aactivity%3A6931917306667151360\">#Tertiaire<\/a><a href=\"https:\/\/www.linkedin.com\/feed\/hashtag\/?keywords=inditex&amp;highlightedUpdateUrns=urn%3Ali%3Aactivity%3A6931917306667151360\">#Inditex<\/a><a href=\"https:\/\/www.linkedin.com\/feed\/hashtag\/?keywords=zara&amp;highlightedUpdateUrns=urn%3Ali%3Aactivity%3A6931917306667151360\">#Zara<\/a><a href=\"https:\/\/www.linkedin.com\/feed\/hashtag\/?keywords=stradivarius&amp;highlightedUpdateUrns=urn%3Ali%3Aactivity%3A6931917306667151360\">#Stradivarius<\/a><a href=\"https:\/\/www.linkedin.com\/feed\/hashtag\/?keywords=zarahome&amp;highlightedUpdateUrns=urn%3Ali%3Aactivity%3A6931917306667151360\">#ZaraHome<\/a><a href=\"https:\/\/www.linkedin.com\/feed\/hashtag\/?keywords=chemindec%C3%A2ble&amp;highlightedUpdateUrns=urn%3Ali%3Aactivity%3A6931917306667151360\">#CheminDeC\u00e2ble<\/a><\/p>\n","protected":false},"excerpt":{"rendered":"<p>\ud83d\udce3 Le 8 avril dernier le groupe&nbsp;Inditex&nbsp;a inaugur\u00e9 au sein de l\u2019immeuble \u00ab&nbsp;Edificio Espa\u00f1a&nbsp;\u00bb situ\u00e9 sur la fameuse Place d\u2019Espagne \u00e0 Madrid, le plus grand&nbsp;ZARA SA&nbsp;du monde. Un \u00ab&nbsp;m\u00e9ga-magasin&nbsp;\u00bb de \ud835\udff5.\ud835\udfec\ud835\udfec\ud835\udfec m2 d\u00e9di\u00e9 \u00e0 la mode, aux accessoires et \u00e0 la d\u00e9co d\u2019int\u00e9rieur o\u00f9 la marque phare d\u2019Amancio Ortega partage les lieux avec deux autres signatures embl\u00e9matiques que sont&nbsp;ZARA HOME&nbsp;et&nbsp;Stradivarius. \ud83d\udc49 Ces nouvelles installations du groupe s\u2019\u00e9talent sur quatre \u00e9tages et\u00a0Basor Electric SA\u00a0a \u00e9t\u00e9 charg\u00e9e de l\u2019ensemble du Cable Management du projet en fournissant plus de \ud835\udfef km de chemin de c\u00e2ble de sa gamme Basor Tray. #Basor#Tertiaire#Inditex#Zara#Stradivarius#ZaraHome#CheminDeC\u00e2ble<\/p>\n","protected":false},"author":1,"featured_media":1057,"comment_status":"closed","ping_status":"closed","sticky":false,"template":"","format":"standard","meta":[],"categories":[75],"tags":[],"yoast_head":"<!-- This site is optimized with the Yoast SEO plugin v19.4 - https:\/\/yoast.com\/wordpress\/plugins\/seo\/ -->\n<title>Basor Electric x Inditex - Blog de Basor Electric<\/title>\n<meta name=\"robots\" content=\"index, follow, max-snippet:-1, max-image-preview:large, max-video-preview:-1\" \/>\n<link rel=\"canonical\" href=\"https:\/\/www.basor.com\/blog\/fr\/basor-electric-x-inditex-2\/\" \/>\n<meta property=\"og:locale\" content=\"es_ES\" \/>\n<meta property=\"og:type\" content=\"article\" \/>\n<meta property=\"og:title\" content=\"Basor Electric x Inditex - Blog de Basor Electric\" \/>\n<meta property=\"og:description\" content=\"\ud83d\udce3 Le 8 avril dernier le groupe&nbsp;Inditex&nbsp;a inaugur\u00e9 au sein de l\u2019immeuble \u00ab&nbsp;Edificio Espa\u00f1a&nbsp;\u00bb situ\u00e9 sur la fameuse Place d\u2019Espagne \u00e0 Madrid, le plus grand&nbsp;ZARA SA&nbsp;du monde. Un \u00ab&nbsp;m\u00e9ga-magasin&nbsp;\u00bb de \ud835\udff5.\ud835\udfec\ud835\udfec\ud835\udfec m2 d\u00e9di\u00e9 \u00e0 la mode, aux accessoires et \u00e0 la d\u00e9co d\u2019int\u00e9rieur o\u00f9 la marque phare d\u2019Amancio Ortega partage les lieux avec deux autres signatures embl\u00e9matiques que sont&nbsp;ZARA HOME&nbsp;et&nbsp;Stradivarius. \ud83d\udc49 Ces nouvelles installations du groupe s\u2019\u00e9talent sur quatre \u00e9tages et\u00a0Basor Electric SA\u00a0a \u00e9t\u00e9 charg\u00e9e de l\u2019ensemble du Cable Management du projet en fournissant plus de \ud835\udfef km de chemin de c\u00e2ble de sa gamme Basor Tray. #Basor#Tertiaire#Inditex#Zara#Stradivarius#ZaraHome#CheminDeC\u00e2ble\" \/>\n<meta property=\"og:url\" content=\"https:\/\/www.basor.com\/blog\/fr\/basor-electric-x-inditex-2\/\" \/>\n<meta property=\"og:site_name\" content=\"Blog de Basor Electric\" \/>\n<meta property=\"article:published_time\" content=\"2022-05-16T15:56:00+00:00\" \/>\n<meta property=\"article:modified_time\" content=\"2022-06-15T15:59:42+00:00\" \/>\n<meta property=\"og:image\" content=\"https:\/\/www.basor.com\/blog\/wp-content\/uploads\/2022\/06\/zara-2.png\" \/>\n\t<meta property=\"og:image:width\" content=\"940\" \/>\n\t<meta property=\"og:image:height\" content=\"510\" \/>\n\t<meta property=\"og:image:type\" content=\"image\/png\" \/>\n<meta name=\"author\" content=\"basor\" \/>\n<meta name=\"twitter:card\" content=\"summary_large_image\" \/>\n<meta name=\"twitter:label1\" content=\"Written by\" \/>\n\t<meta name=\"twitter:data1\" content=\"basor\" \/>\n\t<meta name=\"twitter:label2\" content=\"Est. reading time\" \/>\n\t<meta name=\"twitter:data2\" content=\"1 minuto\" \/>\n<script type=\"application\/ld+json\" class=\"yoast-schema-graph\">{\"@context\":\"https:\/\/schema.org\",\"@graph\":[{\"@type\":\"WebSite\",\"@id\":\"https:\/\/www.basor.com\/blog\/#website\",\"url\":\"https:\/\/www.basor.com\/blog\/\",\"name\":\"Blog de Basor Electric\",\"description\":\"Noticias del sector industrial y el\u00e9ctrico\",\"potentialAction\":[{\"@type\":\"SearchAction\",\"target\":{\"@type\":\"EntryPoint\",\"urlTemplate\":\"https:\/\/www.basor.com\/blog\/?s={search_term_string}\"},\"query-input\":\"required name=search_term_string\"}],\"inLanguage\":\"es\"},{\"@type\":\"WebPage\",\"@id\":\"https:\/\/www.basor.com\/blog\/fr\/basor-electric-x-inditex-2\/\",\"url\":\"https:\/\/www.basor.com\/blog\/fr\/basor-electric-x-inditex-2\/\",\"name\":\"Basor Electric x Inditex - Blog de Basor Electric\",\"isPartOf\":{\"@id\":\"https:\/\/www.basor.com\/blog\/#website\"},\"datePublished\":\"2022-05-16T15:56:00+00:00\",\"dateModified\":\"2022-06-15T15:59:42+00:00\",\"author\":{\"@id\":\"https:\/\/www.basor.com\/blog\/#\/schema\/person\/967e4736975a380c3ab63b93073c57d6\"},\"breadcrumb\":{\"@id\":\"https:\/\/www.basor.com\/blog\/fr\/basor-electric-x-inditex-2\/#breadcrumb\"},\"inLanguage\":\"es\",\"potentialAction\":[{\"@type\":\"ReadAction\",\"target\":[\"https:\/\/www.basor.com\/blog\/fr\/basor-electric-x-inditex-2\/\"]}]},{\"@type\":\"BreadcrumbList\",\"@id\":\"https:\/\/www.basor.com\/blog\/fr\/basor-electric-x-inditex-2\/#breadcrumb\",\"itemListElement\":[{\"@type\":\"ListItem\",\"position\":1,\"name\":\"Home\",\"item\":\"https:\/\/www.basor.com\/blog\/\"},{\"@type\":\"ListItem\",\"position\":2,\"name\":\"Basor Electric x Inditex\"}]},{\"@type\":\"Person\",\"@id\":\"https:\/\/www.basor.com\/blog\/#\/schema\/person\/967e4736975a380c3ab63b93073c57d6\",\"name\":\"basor\",\"image\":{\"@type\":\"ImageObject\",\"inLanguage\":\"es\",\"@id\":\"https:\/\/www.basor.com\/blog\/#\/schema\/person\/image\/\",\"url\":\"https:\/\/secure.gravatar.com\/avatar\/26abf56a6f2c3786def8dbad1c66e139?s=96&d=mm&r=g\",\"contentUrl\":\"https:\/\/secure.gravatar.com\/avatar\/26abf56a6f2c3786def8dbad1c66e139?s=96&d=mm&r=g\",\"caption\":\"basor\"},\"sameAs\":[\"https:\/\/basor.com\/blog\"],\"url\":\"https:\/\/www.basor.com\/blog\/author\/basor\/\"}]}<\/script>\n<!-- \/ Yoast SEO plugin. -->","yoast_head_json":{"title":"Basor Electric x Inditex - Blog de Basor Electric","robots":{"index":"index","follow":"follow","max-snippet":"max-snippet:-1","max-image-preview":"max-image-preview:large","max-video-preview":"max-video-preview:-1"},"canonical":"https:\/\/www.basor.com\/blog\/fr\/basor-electric-x-inditex-2\/","og_locale":"es_ES","og_type":"article","og_title":"Basor Electric x Inditex - Blog de Basor Electric","og_description":"\ud83d\udce3 Le 8 avril dernier le groupe&nbsp;Inditex&nbsp;a inaugur\u00e9 au sein de l\u2019immeuble \u00ab&nbsp;Edificio Espa\u00f1a&nbsp;\u00bb situ\u00e9 sur la fameuse Place d\u2019Espagne \u00e0 Madrid, le plus grand&nbsp;ZARA SA&nbsp;du monde. Un \u00ab&nbsp;m\u00e9ga-magasin&nbsp;\u00bb de \ud835\udff5.\ud835\udfec\ud835\udfec\ud835\udfec m2 d\u00e9di\u00e9 \u00e0 la mode, aux accessoires et \u00e0 la d\u00e9co d\u2019int\u00e9rieur o\u00f9 la marque phare d\u2019Amancio Ortega partage les lieux avec deux autres signatures embl\u00e9matiques que sont&nbsp;ZARA HOME&nbsp;et&nbsp;Stradivarius. \ud83d\udc49 Ces nouvelles installations du groupe s\u2019\u00e9talent sur quatre \u00e9tages et\u00a0Basor Electric SA\u00a0a \u00e9t\u00e9 charg\u00e9e de l\u2019ensemble du Cable Management du projet en fournissant plus de \ud835\udfef km de chemin de c\u00e2ble de sa gamme Basor Tray. #Basor#Tertiaire#Inditex#Zara#Stradivarius#ZaraHome#CheminDeC\u00e2ble","og_url":"https:\/\/www.basor.com\/blog\/fr\/basor-electric-x-inditex-2\/","og_site_name":"Blog de Basor Electric","article_published_time":"2022-05-16T15:56:00+00:00","article_modified_time":"2022-06-15T15:59:42+00:00","og_image":[{"width":940,"height":510,"url":"https:\/\/www.basor.com\/blog\/wp-content\/uploads\/2022\/06\/zara-2.png","type":"image\/png"}],"author":"basor","twitter_card":"summary_large_image","twitter_misc":{"Written by":"basor","Est. reading time":"1 minuto"},"schema":{"@context":"https:\/\/schema.org","@graph":[{"@type":"WebSite","@id":"https:\/\/www.basor.com\/blog\/#website","url":"https:\/\/www.basor.com\/blog\/","name":"Blog de Basor Electric","description":"Noticias del sector industrial y el\u00e9ctrico","potentialAction":[{"@type":"SearchAction","target":{"@type":"EntryPoint","urlTemplate":"https:\/\/www.basor.com\/blog\/?s={search_term_string}"},"query-input":"required name=search_term_string"}],"inLanguage":"es"},{"@type":"WebPage","@id":"https:\/\/www.basor.com\/blog\/fr\/basor-electric-x-inditex-2\/","url":"https:\/\/www.basor.com\/blog\/fr\/basor-electric-x-inditex-2\/","name":"Basor Electric x Inditex - Blog de Basor Electric","isPartOf":{"@id":"https:\/\/www.basor.com\/blog\/#website"},"datePublished":"2022-05-16T15:56:00+00:00","dateModified":"2022-06-15T15:59:42+00:00","author":{"@id":"https:\/\/www.basor.com\/blog\/#\/schema\/person\/967e4736975a380c3ab63b93073c57d6"},"breadcrumb":{"@id":"https:\/\/www.basor.com\/blog\/fr\/basor-electric-x-inditex-2\/#breadcrumb"},"inLanguage":"es","potentialAction":[{"@type":"ReadAction","target":["https:\/\/www.basor.com\/blog\/fr\/basor-electric-x-inditex-2\/"]}]},{"@type":"BreadcrumbList","@id":"https:\/\/www.basor.com\/blog\/fr\/basor-electric-x-inditex-2\/#breadcrumb","itemListElement":[{"@type":"ListItem","position":1,"name":"Home","item":"https:\/\/www.basor.com\/blog\/"},{"@type":"ListItem","position":2,"name":"Basor Electric x Inditex"}]},{"@type":"Person","@id":"https:\/\/www.basor.com\/blog\/#\/schema\/person\/967e4736975a380c3ab63b93073c57d6","name":"basor","image":{"@type":"ImageObject","inLanguage":"es","@id":"https:\/\/www.basor.com\/blog\/#\/schema\/person\/image\/","url":"https:\/\/secure.gravatar.com\/avatar\/26abf56a6f2c3786def8dbad1c66e139?s=96&d=mm&r=g","contentUrl":"https:\/\/secure.gravatar.com\/avatar\/26abf56a6f2c3786def8dbad1c66e139?s=96&d=mm&r=g","caption":"basor"},"sameAs":["https:\/\/basor.com\/blog"],"url":"https:\/\/www.basor.com\/blog\/author\/basor\/"}]}},"_links":{"self":[{"href":"https:\/\/www.basor.com\/blog\/wp-json\/wp\/v2\/posts\/1055"}],"collection":[{"href":"https:\/\/www.basor.com\/blog\/wp-json\/wp\/v2\/posts"}],"about":[{"href":"https:\/\/www.basor.com\/blog\/wp-json\/wp\/v2\/types\/post"}],"author":[{"embeddable":true,"href":"https:\/\/www.basor.com\/blog\/wp-json\/wp\/v2\/users\/1"}],"replies":[{"embeddable":true,"href":"https:\/\/www.basor.com\/blog\/wp-json\/wp\/v2\/comments?post=1055"}],"version-history":[{"count":1,"href":"https:\/\/www.basor.com\/blog\/wp-json\/wp\/v2\/posts\/1055\/revisions"}],"predecessor-version":[{"id":1058,"href":"https:\/\/www.basor.com\/blog\/wp-json\/wp\/v2\/posts\/1055\/revisions\/1058"}],"wp:featuredmedia":[{"embeddable":true,"href":"https:\/\/www.basor.com\/blog\/wp-json\/wp\/v2\/media\/1057"}],"wp:attachment":[{"href":"https:\/\/www.basor.com\/blog\/wp-json\/wp\/v2\/media?parent=1055"}],"wp:term":[{"taxonomy":"category","embeddable":true,"href":"https:\/\/www.basor.com\/blog\/wp-json\/wp\/v2\/categories?post=1055"},{"taxonomy":"post_tag","embeddable":true,"href":"https:\/\/www.basor.com\/blog\/wp-json\/wp\/v2\/tags?post=1055"}],"curies":[{"name":"wp","href":"https:\/\/api.w.org\/{rel}","templated":true}]}}